{"id":526,"date":"2023-10-27T12:36:34","date_gmt":"2023-10-27T12:36:34","guid":{"rendered":"https:\/\/civik.es\/?p=526"},"modified":"2023-10-27T12:36:35","modified_gmt":"2023-10-27T12:36:35","slug":"civik-las-piedras-de-poder","status":"publish","type":"post","link":"https:\/\/civik.es\/index.php\/2023\/10\/27\/civik-las-piedras-de-poder\/","title":{"rendered":"Civik: Las piedras de poder"},"content":{"rendered":"<div class=\"wp-block-image\">\n<figure class=\"aligncenter size-large is-resized\"><a href=\"https:\/\/www.amazon.es\/CIVIK-piedras-Antonio-L-Gallego\/dp\/B0CLGXNVMP\/ref=sr_1_1?crid=PF89N10PYM7R&amp;keywords=civik&amp;qid=1698409901&amp;sprefix=%2Caps%2C217&amp;sr=8-1\"><img loading=\"lazy\" decoding=\"async\" width=\"640\" height=\"1024\" src=\"https:\/\/civik.es\/wp-content\/uploads\/2023\/10\/CIVIK-1-2-640x1024.png\" alt=\"\" class=\"wp-image-527\" style=\"width:157px;height:256px\" srcset=\"https:\/\/civik.es\/wp-content\/uploads\/2023\/10\/CIVIK-1-2-640x1024.png 640w, https:\/\/civik.es\/wp-content\/uploads\/2023\/10\/CIVIK-1-2-188x300.png 188w, https:\/\/civik.es\/wp-content\/uploads\/2023\/10\/CIVIK-1-2-768x1229.png 768w, https:\/\/civik.es\/wp-content\/uploads\/2023\/10\/CIVIK-1-2-960x1536.png 960w, https:\/\/civik.es\/wp-content\/uploads\/2023\/10\/CIVIK-1-2-1280x2048.png 1280w, https:\/\/civik.es\/wp-content\/uploads\/2023\/10\/CIVIK-1-2.png 1600w\" sizes=\"auto, (max-width: 640px) 100vw, 640px\" \/><\/a><figcaption class=\"wp-element-caption\"><mark style=\"background-color:rgba(0, 0, 0, 0)\" class=\"has-inline-color has-nv-c-2-color\"><strong>Adquiere un ejemplar<\/strong><\/mark><\/figcaption><\/figure>\n<\/div>\n\n\n<p><strong>CIVIK: Las piedras de poder <\/strong>es la primera novela del escritor novel <strong>Antonio L. Gallego<\/strong>, quien, pese a su poca experiencia como escritor, ha sido capaz de dar forma a una historia que a\u00fana elementos de fantas\u00eda y de ciencia ficci\u00f3n, y ha situado la acci\u00f3n en un mundo ficticio de creaci\u00f3n propia, del que el lector se queda con ganas de saber m\u00e1s. La novela, con claras influencias de algunas de las pel\u00edculas m\u00e1s emblem\u00e1ticas del cine de ciencia ficci\u00f3n, bebe mucho de la gran pantalla, y ofrece una aventura digna del mejor cine de dicho g\u00e9nero. Contiene, adem\u00e1s, una impactante y fren\u00e9tica trama que no dejar\u00e1 respirar al lector ni un instante. Por todo ello, <strong>CIVIK: Las piedras de poder <\/strong>es una novela que dar\u00e1 mucho que hablar.<\/p>\n\n\n\n<p>Pero paremos un momento para hablar del autor, <strong>Antonio L. Gallego. <\/strong>Estamos ante una persona de formaci\u00f3n heterog\u00e9nea, ya que estudi\u00f3 Filosof\u00eda y, sin embargo, acab\u00f3 trabajando como desarrollador inform\u00e1tico; es dif\u00edcil imaginar dos competencias m\u00e1s opuestas de lo que lo son inform\u00e1tica y filosof\u00eda. Es, adem\u00e1s, un gran aficionado a la lectura, en especial a la literatura fant\u00e1stica, tal y como puede entreverse en las l\u00edneas de su excelente <strong>CIVIK: Las piedras de poder.<\/strong><\/p>\n\n\n\n<p>\u00abLa <strong>filosof\u00eda y la fantas\u00eda<\/strong> se entrelazan de muchas maneras\u00bb, dice Antonio. \u00abAmbas exploran conceptos profundos, desaf\u00edan las convenciones y nos invitan a reflexionar sobre la condici\u00f3n humana y sobre el significado de la vida\u00bb, termina. \u00ab<strong>La programaci\u00f3n y la escritura<\/strong> tienen m\u00e1s en com\u00fan de lo que se podr\u00eda pensar\u00bb, a\u00f1ade a continuaci\u00f3n. \u00abAmbas requieren creatividad, habilidades anal\u00edticas y la capacidad de resolver problemas de manera eficiente. La programaci\u00f3n me brinda un enfoque l\u00f3gico y estructurado que tambi\u00e9n aplico a mi escritura\u00bb.<\/p>\n\n\n\n<p>As\u00ed es <strong>Antonio L. Gallego<\/strong>. Narra una historia, <strong>CIVIK: Las piedras de poder<\/strong>, con la profundidad y la mirada abstracta de la filosof\u00eda, y, al mismo tiempo, con el enfoque l\u00f3gico y estructurado de la programaci\u00f3n, lo que le permite obtener un excelente resultado que, si bien destila ciencia ficci\u00f3n por los cuatro costados, no por ello resulta una historia compleja o confusa para el lector, problema que adolecen buena parte de las historias del g\u00e9nero. Antonio narra de forma meticulosa pero profunda, y consigue un estilo \u00fanico y diferente que lo convierte en un autor al que conviene no perder de vista, visto todo lo que tiene que ofrecer al g\u00e9nero.<\/p>\n\n\n\n<p>Hablemos ahora de la novela. <strong>CIVIK: Las piedras de poder <\/strong>es, como dec\u00eda antes, un soplo de aire fresco al g\u00e9nero de ciencia-ficci\u00f3n, aderezado con no pocos elementos propios de la mejor fantas\u00eda. De su trama podemos destacar algunos elementos particularmente notables, tales como la evoluci\u00f3n de ciertos personajes, la complejidad socio-pol\u00edtica que ofrecen algunos conflictos a los que tendr\u00e1n que enfrentarse los protagonistas, o el mundo que <strong>Antonio L. Gallego <\/strong>ha desarrollado para su historia, muy alejado de los cl\u00e1sicos mundos de ciencia-ficci\u00f3n. Destaca tambi\u00e9n el final del libro, un final tan sorprendente como inesperado, y que no solo ofrece un magistral cierre a la historia sino que lo hace de forma poco ortodoxa y muy, muy sorprendente. Pocos quedar\u00e1n indiferentes ante dicho cierre, eso seguro.<\/p>\n\n\n\n<p>Veamos a continuaci\u00f3n un resumen de la primera obra de <strong>Antonio L. Gallego<\/strong>. El autor, por cierto, est\u00e1 ya trabajando en su siguiente novela. \u00a1Sin duda es una gran noticia!<\/p>\n\n\n\n<p><em>Civik es una de las ciudades que mantienen al ser humano a salvo de las muchas amenazas que pueden encontrarse en el exterior, en una tierra salvaje e inh\u00f3spita en la que la ley no impera y la propia vida no vale m\u00e1s que las posesiones que se tenga. Sin embargo, las ciudades tienen sus propios problemas, y Civik no es una excepci\u00f3n. Pero para Ben, un veterano que conoce mejor que la mayor\u00eda c\u00f3mo funcionan las entra\u00f1as de la civilizaci\u00f3n, esos problemas son solo el d\u00eda a d\u00eda. Sin embargo, cuando conoce a John, un dependiente de vida tranquila, descubre que este posee una piedra de poder, un artefacto que, de caer en malas manos, podr\u00eda llegar a convertirse en una seria amenaza para el mundo. Este fortuito encuentro da lugar a una serie de acontecimientos que obligar\u00e1n a ambos, Ben y John, a unir fuerzas si quieren sobrevivir a todo lo que Civik tiene para echarles encima.<\/em><\/p>\n\n\n\n<p><em>Los actos de Ben y John les llevar\u00e1n a enfrentarse a algunas de las figuras m\u00e1s poderosas de Civik y a involucrarse en sucesos que los convertir\u00e1n en hombres buscados y perseguidos. Con intenci\u00f3n de aumentar sus posibilidades de sobrevivir a semejante lance, Ben ense\u00f1ar\u00e1 a John el uso de la piedra de poder, pese a las enormes dificultades que conlleva tratar de dominar tan poderosos artefactos. Sin embargos, convertidos en fugitivos y obligados a permanecer en las sombras para escapar de sus perseguidores, no ser\u00e1n muchas sus alternativas. Por fortuna para ambos, John resultar\u00e1 ser un excelente alumno, y pronto demostrar\u00e1 una gran habilidad con la piedra de poder que posee.<\/em><\/p>\n\n\n\n<p><em>El problema para los inesperados aliados es que la suya no es la \u00fanica piedra de poder, y, por alg\u00fan motivo, parece que estas siempre aparecen en los lugares m\u00e1s insospechados y en manos de las personas menos adecuadas. As\u00ed pues, no tardar\u00e1n en descubrir que sus enemigos, como ellos mismos, tienen el control de algunas piedras de poder, lo que har\u00e1 que las cosas se pongan extremadamente dif\u00edciles. Por suerte para ellos, no luchar\u00e1n solos. Por el camino har\u00e1n nuevos amigos y aliados, algunos m\u00e1s de fiar que otros. Pero adem\u00e1s, estos nuevos aliados, al igual que sus enemigos, contar\u00e1n tambi\u00e9n con algunas piedras de poder. Ser\u00e1 entonces cuando comprendan que las piedras de poder no ser\u00e1n tan decisivas en los oscuros acontecimientos que est\u00e1n por venir como lo ser\u00e1n sus propias habilidades, su inteligencia y sus habilidades t\u00e1cticas.<\/em><\/p>\n\n\n\n<p><em>La gran misi\u00f3n en la que se embarcan John y Ben marcar\u00e1 su camino. Y, si bien es cierto que a lo largo de toda la aventura encontrar\u00e1n enemigos y amenazas por doquier, tambi\u00e9n lo es que conocer\u00e1n nuevos amigos y aliados y viajar\u00e1n m\u00e1s all\u00e1 de Civik, a remotos parajes en los que la civilizaci\u00f3n propia de la ciudad no significa nada, y descubrir\u00e1n que apenas han rascado la punta del iceberg, pues las peores amenazas, los m\u00e1s terribles peligros, surgir\u00e1n en su camino a medida que transcurran los episodios, poniendo de claro manifiesto que han mordido m\u00e1s de lo que pueden tragar. El descubrimiento de una raza olvidada mucho tiempo atr\u00e1s y los enemigos y aliados que har\u00e1n por el camino confluir\u00e1n en un \u00e9pico desenlace en el que que tanto Ben como John deber\u00e1n demostrar de qu\u00e9 son capaces, pues, en esta ocasi\u00f3n, el propio destino de Civik depender\u00e1 de que tengan \u00e9xito. Todo se decidir\u00e1 en una feroz batalla en la que John, Ben y sus aliados tendr\u00e1n que enfrentarse a la que posiblemente sea la peor amenaza que Civik ha enfrentado desde\u2026 \u00a1Bueno, puede desde siempre! No todos sobrevivir\u00e1n al desaf\u00edo&#8230;<\/em><\/p>\n\n\n\n<p><em>El desenlace de la novela, tan inesperado como refrescante, da un giro imprevisto a la historia, y coloca al lector en una posici\u00f3n en la que podr\u00e1 comprender que el futuro, en cualquier caso, depende tan solo de nosotros mismos y de nuestros actos, pues ser\u00e1n estos los que nos lleven hacia \u00e9l. Tan solo hay que asegurarse de dar los pasos correctos, y de hacerlo en la direcci\u00f3n adecuada.<\/em><\/p>\n\n\n\n<p>Resulta curioso pensar que <strong>CIVIK: Las piedras de poder <\/strong>fue ideado por <strong>Antonio L. Gallego <\/strong>como una historia en dos partes, contada en dos novelas diferentes. Esta idea, sin embargo, fue finalmente descartada, y se apost\u00f3 por un \u00fanico volumen m\u00e1s extenso que recogiese la historia completa, sin duda todo un acierto por parte de autor. El resultado de esta decisi\u00f3n es una novela extensa y completa, totalmente independiente, lo que supone un gran punto a favor en un mercado literario plagado de sagas y trilog\u00edas que empiezan y no siempre terminan. Esto, sin embargo, no impide que el lector tenga la oportunidad de volver a visitar <strong>Civik<\/strong>, el mundo en el que transcurre la historia. De hecho sabemos que Antonio est\u00e1 ya trabajando en su siguiente novela, aunque est\u00e1 por ver si la acci\u00f3n tendr\u00e1 lugar de nuevo en <strong>Civik <\/strong>(y, en tal caso, si tendr\u00e1 alguna relaci\u00f3n con <strong>CIVIK: Las piedras de poder<\/strong>) o si, por el contrario, nos encontraremos con un mundo totalmente distinto y una ambientaci\u00f3n nueva. Sea como sea, lo que est\u00e1 claro es que el<strong> Civik<\/strong> que ha creado Antonio para su primera novela es un mundo lleno de posibilidades, y del que pueden surgir muchas y muy interesantes historias. \u00bfTendremos ocasi\u00f3n de leerlas?<\/p>\n\n\n\n<p>A\u00fan queda mucho que decir sobre la novelay sobre su autor. Sin embargo, es a los lectores a quienes corresponder\u00e1 decidir si, como creo, la primera novela de este autor novel est\u00e1 a la altura. Yo, desde luego, apuesto sin reservas por <strong>CIVIK: Las piedras de poder <\/strong>y por <strong>Antonio L. Gallego<\/strong>.<\/p>\n\n\n\n<p>JOAQU\u00cdN SANJU\u00c1N<\/p>\n\n\n\n<p>www.grimnir.es<\/p>\n","protected":false},"excerpt":{"rendered":"<p>CIVIK: Las piedras de poder es la primera novela del escritor novel Antonio L. Gallego, quien, pese a su poca experiencia como escritor, ha sido capaz de dar forma a una historia que a\u00fana elementos de fantas\u00eda y de ciencia ficci\u00f3n, y ha situado la acci\u00f3n en un mundo ficticio de creaci\u00f3n propia, del que&hellip;&nbsp;<a href=\"https:\/\/civik.es\/index.php\/2023\/10\/27\/civik-las-piedras-de-poder\/\" class=\"\" rel=\"bookmark\">Leer m\u00e1s &raquo;<span class=\"screen-reader-text\">Civik: Las piedras de poder<\/span><\/a><\/p>\n","protected":false},"author":1,"featured_media":0,"comment_status":"open","ping_status":"open","sticky":false,"template":"","format":"standard","meta":{"_eb_attr":"","neve_meta_sidebar":"","neve_meta_container":"","neve_meta_enable_content_width":"","neve_meta_content_width":0,"neve_meta_title_alignment":"","neve_meta_author_avatar":"","neve_post_elements_order":"","neve_meta_disable_header":"","neve_meta_disable_footer":"","neve_meta_disable_title":"","_themeisle_gutenberg_block_has_review":false,"footnotes":""},"categories":[1],"tags":[],"class_list":["post-526","post","type-post","status-publish","format-standard","hentry","category-uncategorized"],"yoast_head":"<!-- This site is optimized with the Yoast SEO plugin v27.4 - https:\/\/yoast.com\/product\/yoast-seo-wordpress\/ -->\n<title>Civik: Las piedras de poder - A.L. Gallego<\/title>\n<meta name=\"description\" content=\"CIVIK: Las piedras de poder es una novela del escritor novel Antonio L. Gallego, que a\u00fana elementos de fantas\u00eda y de ciencia ficci\u00f3n\" \/>\n<meta name=\"robots\" content=\"index, follow, max-snippet:-1, max-image-preview:large, max-video-preview:-1\" \/>\n<link rel=\"canonical\" href=\"https:\/\/civik.es\/index.php\/2023\/10\/27\/civik-las-piedras-de-poder\/\" \/>\n<meta property=\"og:locale\" content=\"es_ES\" \/>\n<meta property=\"og:type\" content=\"article\" \/>\n<meta property=\"og:title\" content=\"Civik: Las piedras de poder - A.L. Gallego\" \/>\n<meta property=\"og:description\" content=\"CIVIK: Las piedras de poder es una novela del escritor novel Antonio L. Gallego, que a\u00fana elementos de fantas\u00eda y de ciencia ficci\u00f3n\" \/>\n<meta property=\"og:url\" content=\"https:\/\/civik.es\/index.php\/2023\/10\/27\/civik-las-piedras-de-poder\/\" \/>\n<meta property=\"og:site_name\" content=\"A.L. Gallego\" \/>\n<meta property=\"article:published_time\" content=\"2023-10-27T12:36:34+00:00\" \/>\n<meta property=\"article:modified_time\" content=\"2023-10-27T12:36:35+00:00\" \/>\n<meta property=\"og:image\" content=\"https:\/\/civik.es\/wp-content\/uploads\/2023\/10\/CIVIK-1-2-640x1024.png\" \/>\n<meta name=\"author\" content=\"A.L. gallego\" \/>\n<meta name=\"twitter:card\" content=\"summary_large_image\" \/>\n<meta name=\"twitter:creator\" content=\"@Civikoficial\" \/>\n<meta name=\"twitter:site\" content=\"@Civikoficial\" \/>\n<meta name=\"twitter:label1\" content=\"Escrito por\" \/>\n\t<meta name=\"twitter:data1\" content=\"A.L. gallego\" \/>\n\t<meta name=\"twitter:label2\" content=\"Tiempo de lectura\" \/>\n\t<meta name=\"twitter:data2\" content=\"8 minutos\" \/>\n<script type=\"application\/ld+json\" class=\"yoast-schema-graph\">{\"@context\":\"https:\\\/\\\/schema.org\",\"@graph\":[{\"@type\":\"Article\",\"@id\":\"https:\\\/\\\/civik.es\\\/index.php\\\/2023\\\/10\\\/27\\\/civik-las-piedras-de-poder\\\/#article\",\"isPartOf\":{\"@id\":\"https:\\\/\\\/civik.es\\\/index.php\\\/2023\\\/10\\\/27\\\/civik-las-piedras-de-poder\\\/\"},\"author\":{\"name\":\"A.L. gallego\",\"@id\":\"https:\\\/\\\/civik.es\\\/#\\\/schema\\\/person\\\/b22ef9dba23952d42910a444454e6e60\"},\"headline\":\"Civik: Las piedras de poder\",\"datePublished\":\"2023-10-27T12:36:34+00:00\",\"dateModified\":\"2023-10-27T12:36:35+00:00\",\"mainEntityOfPage\":{\"@id\":\"https:\\\/\\\/civik.es\\\/index.php\\\/2023\\\/10\\\/27\\\/civik-las-piedras-de-poder\\\/\"},\"wordCount\":1628,\"commentCount\":0,\"publisher\":{\"@id\":\"https:\\\/\\\/civik.es\\\/#\\\/schema\\\/person\\\/b22ef9dba23952d42910a444454e6e60\"},\"image\":{\"@id\":\"https:\\\/\\\/civik.es\\\/index.php\\\/2023\\\/10\\\/27\\\/civik-las-piedras-de-poder\\\/#primaryimage\"},\"thumbnailUrl\":\"https:\\\/\\\/civik.es\\\/wp-content\\\/uploads\\\/2023\\\/10\\\/CIVIK-1-2-640x1024.png\",\"articleSection\":[\"Uncategorized\"],\"inLanguage\":\"es\",\"potentialAction\":[{\"@type\":\"CommentAction\",\"name\":\"Comment\",\"target\":[\"https:\\\/\\\/civik.es\\\/index.php\\\/2023\\\/10\\\/27\\\/civik-las-piedras-de-poder\\\/#respond\"]}]},{\"@type\":\"WebPage\",\"@id\":\"https:\\\/\\\/civik.es\\\/index.php\\\/2023\\\/10\\\/27\\\/civik-las-piedras-de-poder\\\/\",\"url\":\"https:\\\/\\\/civik.es\\\/index.php\\\/2023\\\/10\\\/27\\\/civik-las-piedras-de-poder\\\/\",\"name\":\"Civik: Las piedras de poder - A.L. Gallego\",\"isPartOf\":{\"@id\":\"https:\\\/\\\/civik.es\\\/#website\"},\"primaryImageOfPage\":{\"@id\":\"https:\\\/\\\/civik.es\\\/index.php\\\/2023\\\/10\\\/27\\\/civik-las-piedras-de-poder\\\/#primaryimage\"},\"image\":{\"@id\":\"https:\\\/\\\/civik.es\\\/index.php\\\/2023\\\/10\\\/27\\\/civik-las-piedras-de-poder\\\/#primaryimage\"},\"thumbnailUrl\":\"https:\\\/\\\/civik.es\\\/wp-content\\\/uploads\\\/2023\\\/10\\\/CIVIK-1-2-640x1024.png\",\"datePublished\":\"2023-10-27T12:36:34+00:00\",\"dateModified\":\"2023-10-27T12:36:35+00:00\",\"description\":\"CIVIK: Las piedras de poder es una novela del escritor novel Antonio L. Gallego, que a\u00fana elementos de fantas\u00eda y de ciencia ficci\u00f3n\",\"breadcrumb\":{\"@id\":\"https:\\\/\\\/civik.es\\\/index.php\\\/2023\\\/10\\\/27\\\/civik-las-piedras-de-poder\\\/#breadcrumb\"},\"inLanguage\":\"es\",\"potentialAction\":[{\"@type\":\"ReadAction\",\"target\":[\"https:\\\/\\\/civik.es\\\/index.php\\\/2023\\\/10\\\/27\\\/civik-las-piedras-de-poder\\\/\"]}]},{\"@type\":\"ImageObject\",\"inLanguage\":\"es\",\"@id\":\"https:\\\/\\\/civik.es\\\/index.php\\\/2023\\\/10\\\/27\\\/civik-las-piedras-de-poder\\\/#primaryimage\",\"url\":\"https:\\\/\\\/civik.es\\\/wp-content\\\/uploads\\\/2023\\\/10\\\/CIVIK-1-2.png\",\"contentUrl\":\"https:\\\/\\\/civik.es\\\/wp-content\\\/uploads\\\/2023\\\/10\\\/CIVIK-1-2.png\",\"width\":1600,\"height\":2560},{\"@type\":\"BreadcrumbList\",\"@id\":\"https:\\\/\\\/civik.es\\\/index.php\\\/2023\\\/10\\\/27\\\/civik-las-piedras-de-poder\\\/#breadcrumb\",\"itemListElement\":[{\"@type\":\"ListItem\",\"position\":1,\"name\":\"Portada\",\"item\":\"https:\\\/\\\/civik.es\\\/\"},{\"@type\":\"ListItem\",\"position\":2,\"name\":\"Civik: Las piedras de poder\"}]},{\"@type\":\"WebSite\",\"@id\":\"https:\\\/\\\/civik.es\\\/#website\",\"url\":\"https:\\\/\\\/civik.es\\\/\",\"name\":\"A.L. Gallego\",\"description\":\"&quot;Escritor de fantas\u00eda ligera para adultos que buscan escapar del mundo real.&quot;\",\"publisher\":{\"@id\":\"https:\\\/\\\/civik.es\\\/#\\\/schema\\\/person\\\/b22ef9dba23952d42910a444454e6e60\"},\"alternateName\":\"Novelas\",\"potentialAction\":[{\"@type\":\"SearchAction\",\"target\":{\"@type\":\"EntryPoint\",\"urlTemplate\":\"https:\\\/\\\/civik.es\\\/?s={search_term_string}\"},\"query-input\":{\"@type\":\"PropertyValueSpecification\",\"valueRequired\":true,\"valueName\":\"search_term_string\"}}],\"inLanguage\":\"es\"},{\"@type\":[\"Person\",\"Organization\"],\"@id\":\"https:\\\/\\\/civik.es\\\/#\\\/schema\\\/person\\\/b22ef9dba23952d42910a444454e6e60\",\"name\":\"A.L. gallego\",\"image\":{\"@type\":\"ImageObject\",\"inLanguage\":\"es\",\"@id\":\"https:\\\/\\\/civik.es\\\/wp-content\\\/uploads\\\/2024\\\/03\\\/cropped-dream_TradingCard32123132.jpg\",\"url\":\"https:\\\/\\\/civik.es\\\/wp-content\\\/uploads\\\/2024\\\/03\\\/cropped-dream_TradingCard32123132.jpg\",\"contentUrl\":\"https:\\\/\\\/civik.es\\\/wp-content\\\/uploads\\\/2024\\\/03\\\/cropped-dream_TradingCard32123132.jpg\",\"width\":512,\"height\":512,\"caption\":\"A.L. gallego\"},\"logo\":{\"@id\":\"https:\\\/\\\/civik.es\\\/wp-content\\\/uploads\\\/2024\\\/03\\\/cropped-dream_TradingCard32123132.jpg\"},\"sameAs\":[\"http:\\\/\\\/civik.es\",\"Civikoficial\",\"https:\\\/\\\/x.com\\\/Civikoficial\"],\"url\":\"https:\\\/\\\/civik.es\\\/index.php\\\/author\\\/admin\\\/\"}]}<\/script>\n<!-- \/ Yoast SEO plugin. -->","yoast_head_json":{"title":"Civik: Las piedras de poder - A.L. Gallego","description":"CIVIK: Las piedras de poder es una novela del escritor novel Antonio L. Gallego, que a\u00fana elementos de fantas\u00eda y de ciencia ficci\u00f3n","robots":{"index":"index","follow":"follow","max-snippet":"max-snippet:-1","max-image-preview":"max-image-preview:large","max-video-preview":"max-video-preview:-1"},"canonical":"https:\/\/civik.es\/index.php\/2023\/10\/27\/civik-las-piedras-de-poder\/","og_locale":"es_ES","og_type":"article","og_title":"Civik: Las piedras de poder - A.L. Gallego","og_description":"CIVIK: Las piedras de poder es una novela del escritor novel Antonio L. Gallego, que a\u00fana elementos de fantas\u00eda y de ciencia ficci\u00f3n","og_url":"https:\/\/civik.es\/index.php\/2023\/10\/27\/civik-las-piedras-de-poder\/","og_site_name":"A.L. Gallego","article_published_time":"2023-10-27T12:36:34+00:00","article_modified_time":"2023-10-27T12:36:35+00:00","og_image":[{"url":"https:\/\/civik.es\/wp-content\/uploads\/2023\/10\/CIVIK-1-2-640x1024.png","type":"","width":"","height":""}],"author":"A.L. gallego","twitter_card":"summary_large_image","twitter_creator":"@Civikoficial","twitter_site":"@Civikoficial","twitter_misc":{"Escrito por":"A.L. gallego","Tiempo de lectura":"8 minutos"},"schema":{"@context":"https:\/\/schema.org","@graph":[{"@type":"Article","@id":"https:\/\/civik.es\/index.php\/2023\/10\/27\/civik-las-piedras-de-poder\/#article","isPartOf":{"@id":"https:\/\/civik.es\/index.php\/2023\/10\/27\/civik-las-piedras-de-poder\/"},"author":{"name":"A.L. gallego","@id":"https:\/\/civik.es\/#\/schema\/person\/b22ef9dba23952d42910a444454e6e60"},"headline":"Civik: Las piedras de poder","datePublished":"2023-10-27T12:36:34+00:00","dateModified":"2023-10-27T12:36:35+00:00","mainEntityOfPage":{"@id":"https:\/\/civik.es\/index.php\/2023\/10\/27\/civik-las-piedras-de-poder\/"},"wordCount":1628,"commentCount":0,"publisher":{"@id":"https:\/\/civik.es\/#\/schema\/person\/b22ef9dba23952d42910a444454e6e60"},"image":{"@id":"https:\/\/civik.es\/index.php\/2023\/10\/27\/civik-las-piedras-de-poder\/#primaryimage"},"thumbnailUrl":"https:\/\/civik.es\/wp-content\/uploads\/2023\/10\/CIVIK-1-2-640x1024.png","articleSection":["Uncategorized"],"inLanguage":"es","potentialAction":[{"@type":"CommentAction","name":"Comment","target":["https:\/\/civik.es\/index.php\/2023\/10\/27\/civik-las-piedras-de-poder\/#respond"]}]},{"@type":"WebPage","@id":"https:\/\/civik.es\/index.php\/2023\/10\/27\/civik-las-piedras-de-poder\/","url":"https:\/\/civik.es\/index.php\/2023\/10\/27\/civik-las-piedras-de-poder\/","name":"Civik: Las piedras de poder - A.L. Gallego","isPartOf":{"@id":"https:\/\/civik.es\/#website"},"primaryImageOfPage":{"@id":"https:\/\/civik.es\/index.php\/2023\/10\/27\/civik-las-piedras-de-poder\/#primaryimage"},"image":{"@id":"https:\/\/civik.es\/index.php\/2023\/10\/27\/civik-las-piedras-de-poder\/#primaryimage"},"thumbnailUrl":"https:\/\/civik.es\/wp-content\/uploads\/2023\/10\/CIVIK-1-2-640x1024.png","datePublished":"2023-10-27T12:36:34+00:00","dateModified":"2023-10-27T12:36:35+00:00","description":"CIVIK: Las piedras de poder es una novela del escritor novel Antonio L. Gallego, que a\u00fana elementos de fantas\u00eda y de ciencia ficci\u00f3n","breadcrumb":{"@id":"https:\/\/civik.es\/index.php\/2023\/10\/27\/civik-las-piedras-de-poder\/#breadcrumb"},"inLanguage":"es","potentialAction":[{"@type":"ReadAction","target":["https:\/\/civik.es\/index.php\/2023\/10\/27\/civik-las-piedras-de-poder\/"]}]},{"@type":"ImageObject","inLanguage":"es","@id":"https:\/\/civik.es\/index.php\/2023\/10\/27\/civik-las-piedras-de-poder\/#primaryimage","url":"https:\/\/civik.es\/wp-content\/uploads\/2023\/10\/CIVIK-1-2.png","contentUrl":"https:\/\/civik.es\/wp-content\/uploads\/2023\/10\/CIVIK-1-2.png","width":1600,"height":2560},{"@type":"BreadcrumbList","@id":"https:\/\/civik.es\/index.php\/2023\/10\/27\/civik-las-piedras-de-poder\/#breadcrumb","itemListElement":[{"@type":"ListItem","position":1,"name":"Portada","item":"https:\/\/civik.es\/"},{"@type":"ListItem","position":2,"name":"Civik: Las piedras de poder"}]},{"@type":"WebSite","@id":"https:\/\/civik.es\/#website","url":"https:\/\/civik.es\/","name":"A.L. Gallego","description":"&quot;Escritor de fantas\u00eda ligera para adultos que buscan escapar del mundo real.&quot;","publisher":{"@id":"https:\/\/civik.es\/#\/schema\/person\/b22ef9dba23952d42910a444454e6e60"},"alternateName":"Novelas","potentialAction":[{"@type":"SearchAction","target":{"@type":"EntryPoint","urlTemplate":"https:\/\/civik.es\/?s={search_term_string}"},"query-input":{"@type":"PropertyValueSpecification","valueRequired":true,"valueName":"search_term_string"}}],"inLanguage":"es"},{"@type":["Person","Organization"],"@id":"https:\/\/civik.es\/#\/schema\/person\/b22ef9dba23952d42910a444454e6e60","name":"A.L. gallego","image":{"@type":"ImageObject","inLanguage":"es","@id":"https:\/\/civik.es\/wp-content\/uploads\/2024\/03\/cropped-dream_TradingCard32123132.jpg","url":"https:\/\/civik.es\/wp-content\/uploads\/2024\/03\/cropped-dream_TradingCard32123132.jpg","contentUrl":"https:\/\/civik.es\/wp-content\/uploads\/2024\/03\/cropped-dream_TradingCard32123132.jpg","width":512,"height":512,"caption":"A.L. gallego"},"logo":{"@id":"https:\/\/civik.es\/wp-content\/uploads\/2024\/03\/cropped-dream_TradingCard32123132.jpg"},"sameAs":["http:\/\/civik.es","Civikoficial","https:\/\/x.com\/Civikoficial"],"url":"https:\/\/civik.es\/index.php\/author\/admin\/"}]}},"_links":{"self":[{"href":"https:\/\/civik.es\/index.php\/wp-json\/wp\/v2\/posts\/526","targetHints":{"allow":["GET"]}}],"collection":[{"href":"https:\/\/civik.es\/index.php\/wp-json\/wp\/v2\/posts"}],"about":[{"href":"https:\/\/civik.es\/index.php\/wp-json\/wp\/v2\/types\/post"}],"author":[{"embeddable":true,"href":"https:\/\/civik.es\/index.php\/wp-json\/wp\/v2\/users\/1"}],"replies":[{"embeddable":true,"href":"https:\/\/civik.es\/index.php\/wp-json\/wp\/v2\/comments?post=526"}],"version-history":[{"count":1,"href":"https:\/\/civik.es\/index.php\/wp-json\/wp\/v2\/posts\/526\/revisions"}],"predecessor-version":[{"id":528,"href":"https:\/\/civik.es\/index.php\/wp-json\/wp\/v2\/posts\/526\/revisions\/528"}],"wp:attachment":[{"href":"https:\/\/civik.es\/index.php\/wp-json\/wp\/v2\/media?parent=526"}],"wp:term":[{"taxonomy":"category","embeddable":true,"href":"https:\/\/civik.es\/index.php\/wp-json\/wp\/v2\/categories?post=526"},{"taxonomy":"post_tag","embeddable":true,"href":"https:\/\/civik.es\/index.php\/wp-json\/wp\/v2\/tags?post=526"}],"curies":[{"name":"wp","href":"https:\/\/api.w.org\/{rel}","templated":true}]}}