{"id":606,"date":"2024-07-04T09:09:36","date_gmt":"2024-07-04T09:09:36","guid":{"rendered":"https:\/\/civik.es\/?p=606"},"modified":"2024-07-04T09:09:37","modified_gmt":"2024-07-04T09:09:37","slug":"el-pozo-de-la-ascension-brandon-sanderson","status":"publish","type":"post","link":"https:\/\/civik.es\/index.php\/2024\/07\/04\/el-pozo-de-la-ascension-brandon-sanderson\/","title":{"rendered":"El pozo de la ascensi\u00f3n (Brandon Sanderson)"},"content":{"rendered":"<div class=\"wp-block-image\">\n<figure class=\"aligncenter size-full is-resized\"><img loading=\"lazy\" decoding=\"async\" width=\"1920\" height=\"2560\" src=\"https:\/\/civik.es\/wp-content\/uploads\/2024\/07\/IMG_20240622_143253-1-scaled.jpg\" alt=\"\" class=\"wp-image-608\" style=\"width:189px;height:auto\" srcset=\"https:\/\/civik.es\/wp-content\/uploads\/2024\/07\/IMG_20240622_143253-1-scaled.jpg 1920w, https:\/\/civik.es\/wp-content\/uploads\/2024\/07\/IMG_20240622_143253-1-225x300.jpg 225w, https:\/\/civik.es\/wp-content\/uploads\/2024\/07\/IMG_20240622_143253-1-768x1024.jpg 768w, https:\/\/civik.es\/wp-content\/uploads\/2024\/07\/IMG_20240622_143253-1-1152x1536.jpg 1152w, https:\/\/civik.es\/wp-content\/uploads\/2024\/07\/IMG_20240622_143253-1-1536x2048.jpg 1536w\" sizes=\"auto, (max-width: 1920px) 100vw, 1920px\" \/><figcaption class=\"wp-element-caption\"><a href=\"https:\/\/www.amazon.es\/Pozo-Ascensi%C3%B3n-Nacidos-bruma-Mistborn\/dp\/8466658904\/ref=sr_1_1?crid=MBJVHZVMY9SH&amp;dib=eyJ2IjoiMSJ9.lsmZPKxPyDWWflo_RAB9CSJQxy_mCB-qBo8bbHzcdUUTYX7gp3eFXwokKCT3j1qdIInV48kQfUHjx7ZTqr85_FdxiLTKn88U1djz8W0KGXY8yqdWyOjFw3mbLhiU4Zm9R1ZWz08VG-cTsQE3kiN2Ab1tsfNPyXbaP-ttEwaJ3uM837KXqrVl277-SuRwtqqcBf8e4gHQU2hofgnC19Pq93kCOZRvDYP6jOGhOPzvmFgmnzmLPGXpjYK6-Rrs3Ox32aRaKdDx--7gFKPdYk2arThvMIhwf_eMtLyqxnqNZak.rCu_C26lQOTQNz1JrHifsFklmo4FcnOeHBBOkdAWbWQ&amp;dib_tag=se&amp;keywords=el+pozo+de+la+ascension&amp;qid=1720083067&amp;sprefix=el+pozo+de+la+%2Caps%2C176&amp;sr=8-1\"><strong><mark style=\"background-color:rgba(0, 0, 0, 0)\" class=\"has-inline-color has-nv-c-2-color\">Adquiere un ejemplar<\/mark><\/strong><\/a><\/figcaption><\/figure>\n<\/div>\n\n\n<p>\u201cEl pozo de la ascensi\u00f3n\u201d es el segundo volumen de la trilog\u00eda \u201cNacidos de la Bruma\u201d escrita por Brandon Sanderson.<\/p>\n\n\n\n<p>Despu\u00e9s de el gran t\u00edtulo que fue el primer volumen (El imperio final), Sanderson contin\u00faa su historia con esta segunda entrega. Esta vez considero que, lejos de pretender llevar a cabo algo como lo de la primera parte en lo referente a la trama (pues esta bien se podr\u00eda tomar con una novela autoconclusiva en la que el lector puede decir \u00abVale ya est\u00e1, todo ha terminado\u00bb, entre muchas comillas), en EL pozo de la ascensi\u00f3n, el autor premia al lector con m\u00e1s informaci\u00f3n acerca del mundo, los personajes y las distintas tramas, y, esta vez, lo hace de manera muy diferente a c\u00f3mo lo hizo en la primera.<\/p>\n\n\n\n<p>Muchos afirman que El pozo de la ascensi\u00f3n es la parte m\u00e1s pesada de las tres debido la gran cantidad de informaci\u00f3n que el autor pone en conocimiento del lector, pero no por ello la hace menos interesante ya que Sanderson consigue, con mucho acierto, diluir dicha informaci\u00f3n dentro de las diferentes tramas, algo que no es nada f\u00e1cil para un escritor, pero claro, es Sanderson, ya sabes&#8230;<\/p>\n\n\n\n<p>Bajo mi punto de vista, si el lector, despu\u00e9s de haber le\u00eddo El imperio Final, empieza con El pozo de la ascensi\u00f3n, quiere decir que quiere saber m\u00e1s y esta segunda parte le dar\u00e1 la informaci\u00f3n que busca para ahondar a\u00fan m\u00e1s en los misterios del universo creado por el autor.<\/p>\n\n\n\n<p>Para terminar, decir que, aunque parezca que algunas cosas no tienen sentido, o que est\u00e1n de m\u00e1s, nada m\u00e1s lejos de la realidad, se paciente, espera y ver\u00e1s como todo encaja.<\/p>\n\n\n\n<p>Para mi, una segunda parte muy necesaria en la que el autor ha sabido hacerla amena y divertida. \u00a1Si hasta ha incluido en ella un toquecillo detectivesco de misterio!<\/p>\n\n\n\n<p>Muy recomendada.<\/p>\n\n\n\n<p>Rese\u00f1a de: A. L. Gallego<\/p>\n","protected":false},"excerpt":{"rendered":"<p>\u201cEl pozo de la ascensi\u00f3n\u201d es el segundo volumen de la trilog\u00eda \u201cNacidos de la Bruma\u201d escrita por Brandon Sanderson. Despu\u00e9s de el gran t\u00edtulo que fue el primer volumen (El imperio final), Sanderson contin\u00faa su historia con esta segunda entrega. Esta vez considero que, lejos de pretender llevar a cabo algo como lo de&hellip;&nbsp;<a href=\"https:\/\/civik.es\/index.php\/2024\/07\/04\/el-pozo-de-la-ascension-brandon-sanderson\/\" class=\"\" rel=\"bookmark\">Leer m\u00e1s &raquo;<span class=\"screen-reader-text\">El pozo de la ascensi\u00f3n (Brandon Sanderson)<\/span><\/a><\/p>\n","protected":false},"author":1,"featured_media":0,"comment_status":"open","ping_status":"open","sticky":false,"template":"","format":"standard","meta":{"_eb_attr":"","neve_meta_sidebar":"","neve_meta_container":"","neve_meta_enable_content_width":"","neve_meta_content_width":0,"neve_meta_title_alignment":"","neve_meta_author_avatar":"","neve_post_elements_order":"","neve_meta_disable_header":"","neve_meta_disable_footer":"","neve_meta_disable_title":"","_themeisle_gutenberg_block_has_review":false,"footnotes":""},"categories":[1],"tags":[],"class_list":["post-606","post","type-post","status-publish","format-standard","hentry","category-uncategorized"],"yoast_head":"<!-- This site is optimized with the Yoast SEO plugin v27.4 - https:\/\/yoast.com\/product\/yoast-seo-wordpress\/ -->\n<title>El pozo de la ascensi\u00f3n (Brandon Sanderson) - A.L. Gallego<\/title>\n<meta name=\"robots\" content=\"index, follow, max-snippet:-1, max-image-preview:large, max-video-preview:-1\" \/>\n<link rel=\"canonical\" href=\"https:\/\/civik.es\/index.php\/2024\/07\/04\/el-pozo-de-la-ascension-brandon-sanderson\/\" \/>\n<meta property=\"og:locale\" content=\"es_ES\" \/>\n<meta property=\"og:type\" content=\"article\" \/>\n<meta property=\"og:title\" content=\"El pozo de la ascensi\u00f3n (Brandon Sanderson) - A.L. Gallego\" \/>\n<meta property=\"og:description\" content=\"\u201cEl pozo de la ascensi\u00f3n\u201d es el segundo volumen de la trilog\u00eda \u201cNacidos de la Bruma\u201d escrita por Brandon Sanderson. Despu\u00e9s de el gran t\u00edtulo que fue el primer volumen (El imperio final), Sanderson contin\u00faa su historia con esta segunda entrega. Esta vez considero que, lejos de pretender llevar a cabo algo como lo de&hellip;&nbsp;Leer m\u00e1s &raquo;El pozo de la ascensi\u00f3n (Brandon Sanderson)\" \/>\n<meta property=\"og:url\" content=\"https:\/\/civik.es\/index.php\/2024\/07\/04\/el-pozo-de-la-ascension-brandon-sanderson\/\" \/>\n<meta property=\"og:site_name\" content=\"A.L. Gallego\" \/>\n<meta property=\"article:published_time\" content=\"2024-07-04T09:09:36+00:00\" \/>\n<meta property=\"article:modified_time\" content=\"2024-07-04T09:09:37+00:00\" \/>\n<meta property=\"og:image\" content=\"https:\/\/civik.es\/wp-content\/uploads\/2024\/07\/IMG_20240622_143253-1-scaled.jpg\" \/>\n<meta name=\"author\" content=\"A.L. gallego\" \/>\n<meta name=\"twitter:card\" content=\"summary_large_image\" \/>\n<meta name=\"twitter:creator\" content=\"@Civikoficial\" \/>\n<meta name=\"twitter:site\" content=\"@Civikoficial\" \/>\n<meta name=\"twitter:label1\" content=\"Escrito por\" \/>\n\t<meta name=\"twitter:data1\" content=\"A.L. gallego\" \/>\n\t<meta name=\"twitter:label2\" content=\"Tiempo de lectura\" \/>\n\t<meta name=\"twitter:data2\" content=\"2 minutos\" \/>\n<script type=\"application\/ld+json\" class=\"yoast-schema-graph\">{\"@context\":\"https:\\\/\\\/schema.org\",\"@graph\":[{\"@type\":\"Article\",\"@id\":\"https:\\\/\\\/civik.es\\\/index.php\\\/2024\\\/07\\\/04\\\/el-pozo-de-la-ascension-brandon-sanderson\\\/#article\",\"isPartOf\":{\"@id\":\"https:\\\/\\\/civik.es\\\/index.php\\\/2024\\\/07\\\/04\\\/el-pozo-de-la-ascension-brandon-sanderson\\\/\"},\"author\":{\"name\":\"A.L. gallego\",\"@id\":\"https:\\\/\\\/civik.es\\\/#\\\/schema\\\/person\\\/b22ef9dba23952d42910a444454e6e60\"},\"headline\":\"El pozo de la ascensi\u00f3n (Brandon Sanderson)\",\"datePublished\":\"2024-07-04T09:09:36+00:00\",\"dateModified\":\"2024-07-04T09:09:37+00:00\",\"mainEntityOfPage\":{\"@id\":\"https:\\\/\\\/civik.es\\\/index.php\\\/2024\\\/07\\\/04\\\/el-pozo-de-la-ascension-brandon-sanderson\\\/\"},\"wordCount\":353,\"commentCount\":0,\"publisher\":{\"@id\":\"https:\\\/\\\/civik.es\\\/#\\\/schema\\\/person\\\/b22ef9dba23952d42910a444454e6e60\"},\"image\":{\"@id\":\"https:\\\/\\\/civik.es\\\/index.php\\\/2024\\\/07\\\/04\\\/el-pozo-de-la-ascension-brandon-sanderson\\\/#primaryimage\"},\"thumbnailUrl\":\"https:\\\/\\\/civik.es\\\/wp-content\\\/uploads\\\/2024\\\/07\\\/IMG_20240622_143253-1-scaled.jpg\",\"articleSection\":[\"Uncategorized\"],\"inLanguage\":\"es\",\"potentialAction\":[{\"@type\":\"CommentAction\",\"name\":\"Comment\",\"target\":[\"https:\\\/\\\/civik.es\\\/index.php\\\/2024\\\/07\\\/04\\\/el-pozo-de-la-ascension-brandon-sanderson\\\/#respond\"]}]},{\"@type\":\"WebPage\",\"@id\":\"https:\\\/\\\/civik.es\\\/index.php\\\/2024\\\/07\\\/04\\\/el-pozo-de-la-ascension-brandon-sanderson\\\/\",\"url\":\"https:\\\/\\\/civik.es\\\/index.php\\\/2024\\\/07\\\/04\\\/el-pozo-de-la-ascension-brandon-sanderson\\\/\",\"name\":\"El pozo de la ascensi\u00f3n (Brandon Sanderson) - A.L. Gallego\",\"isPartOf\":{\"@id\":\"https:\\\/\\\/civik.es\\\/#website\"},\"primaryImageOfPage\":{\"@id\":\"https:\\\/\\\/civik.es\\\/index.php\\\/2024\\\/07\\\/04\\\/el-pozo-de-la-ascension-brandon-sanderson\\\/#primaryimage\"},\"image\":{\"@id\":\"https:\\\/\\\/civik.es\\\/index.php\\\/2024\\\/07\\\/04\\\/el-pozo-de-la-ascension-brandon-sanderson\\\/#primaryimage\"},\"thumbnailUrl\":\"https:\\\/\\\/civik.es\\\/wp-content\\\/uploads\\\/2024\\\/07\\\/IMG_20240622_143253-1-scaled.jpg\",\"datePublished\":\"2024-07-04T09:09:36+00:00\",\"dateModified\":\"2024-07-04T09:09:37+00:00\",\"breadcrumb\":{\"@id\":\"https:\\\/\\\/civik.es\\\/index.php\\\/2024\\\/07\\\/04\\\/el-pozo-de-la-ascension-brandon-sanderson\\\/#breadcrumb\"},\"inLanguage\":\"es\",\"potentialAction\":[{\"@type\":\"ReadAction\",\"target\":[\"https:\\\/\\\/civik.es\\\/index.php\\\/2024\\\/07\\\/04\\\/el-pozo-de-la-ascension-brandon-sanderson\\\/\"]}]},{\"@type\":\"ImageObject\",\"inLanguage\":\"es\",\"@id\":\"https:\\\/\\\/civik.es\\\/index.php\\\/2024\\\/07\\\/04\\\/el-pozo-de-la-ascension-brandon-sanderson\\\/#primaryimage\",\"url\":\"https:\\\/\\\/civik.es\\\/wp-content\\\/uploads\\\/2024\\\/07\\\/IMG_20240622_143253-1-scaled.jpg\",\"contentUrl\":\"https:\\\/\\\/civik.es\\\/wp-content\\\/uploads\\\/2024\\\/07\\\/IMG_20240622_143253-1-scaled.jpg\",\"width\":1920,\"height\":2560},{\"@type\":\"BreadcrumbList\",\"@id\":\"https:\\\/\\\/civik.es\\\/index.php\\\/2024\\\/07\\\/04\\\/el-pozo-de-la-ascension-brandon-sanderson\\\/#breadcrumb\",\"itemListElement\":[{\"@type\":\"ListItem\",\"position\":1,\"name\":\"Portada\",\"item\":\"https:\\\/\\\/civik.es\\\/\"},{\"@type\":\"ListItem\",\"position\":2,\"name\":\"El pozo de la ascensi\u00f3n (Brandon Sanderson)\"}]},{\"@type\":\"WebSite\",\"@id\":\"https:\\\/\\\/civik.es\\\/#website\",\"url\":\"https:\\\/\\\/civik.es\\\/\",\"name\":\"A.L. Gallego\",\"description\":\"&quot;Escritor de fantas\u00eda ligera para adultos que buscan escapar del mundo real.&quot;\",\"publisher\":{\"@id\":\"https:\\\/\\\/civik.es\\\/#\\\/schema\\\/person\\\/b22ef9dba23952d42910a444454e6e60\"},\"alternateName\":\"Novelas\",\"potentialAction\":[{\"@type\":\"SearchAction\",\"target\":{\"@type\":\"EntryPoint\",\"urlTemplate\":\"https:\\\/\\\/civik.es\\\/?s={search_term_string}\"},\"query-input\":{\"@type\":\"PropertyValueSpecification\",\"valueRequired\":true,\"valueName\":\"search_term_string\"}}],\"inLanguage\":\"es\"},{\"@type\":[\"Person\",\"Organization\"],\"@id\":\"https:\\\/\\\/civik.es\\\/#\\\/schema\\\/person\\\/b22ef9dba23952d42910a444454e6e60\",\"name\":\"A.L. gallego\",\"image\":{\"@type\":\"ImageObject\",\"inLanguage\":\"es\",\"@id\":\"https:\\\/\\\/civik.es\\\/wp-content\\\/uploads\\\/2024\\\/03\\\/cropped-dream_TradingCard32123132.jpg\",\"url\":\"https:\\\/\\\/civik.es\\\/wp-content\\\/uploads\\\/2024\\\/03\\\/cropped-dream_TradingCard32123132.jpg\",\"contentUrl\":\"https:\\\/\\\/civik.es\\\/wp-content\\\/uploads\\\/2024\\\/03\\\/cropped-dream_TradingCard32123132.jpg\",\"width\":512,\"height\":512,\"caption\":\"A.L. gallego\"},\"logo\":{\"@id\":\"https:\\\/\\\/civik.es\\\/wp-content\\\/uploads\\\/2024\\\/03\\\/cropped-dream_TradingCard32123132.jpg\"},\"sameAs\":[\"http:\\\/\\\/civik.es\",\"Civikoficial\",\"https:\\\/\\\/x.com\\\/Civikoficial\"],\"url\":\"https:\\\/\\\/civik.es\\\/index.php\\\/author\\\/admin\\\/\"}]}<\/script>\n<!-- \/ Yoast SEO plugin. -->","yoast_head_json":{"title":"El pozo de la ascensi\u00f3n (Brandon Sanderson) - A.L. Gallego","robots":{"index":"index","follow":"follow","max-snippet":"max-snippet:-1","max-image-preview":"max-image-preview:large","max-video-preview":"max-video-preview:-1"},"canonical":"https:\/\/civik.es\/index.php\/2024\/07\/04\/el-pozo-de-la-ascension-brandon-sanderson\/","og_locale":"es_ES","og_type":"article","og_title":"El pozo de la ascensi\u00f3n (Brandon Sanderson) - A.L. Gallego","og_description":"\u201cEl pozo de la ascensi\u00f3n\u201d es el segundo volumen de la trilog\u00eda \u201cNacidos de la Bruma\u201d escrita por Brandon Sanderson. Despu\u00e9s de el gran t\u00edtulo que fue el primer volumen (El imperio final), Sanderson contin\u00faa su historia con esta segunda entrega. Esta vez considero que, lejos de pretender llevar a cabo algo como lo de&hellip;&nbsp;Leer m\u00e1s &raquo;El pozo de la ascensi\u00f3n (Brandon Sanderson)","og_url":"https:\/\/civik.es\/index.php\/2024\/07\/04\/el-pozo-de-la-ascension-brandon-sanderson\/","og_site_name":"A.L. Gallego","article_published_time":"2024-07-04T09:09:36+00:00","article_modified_time":"2024-07-04T09:09:37+00:00","og_image":[{"url":"https:\/\/civik.es\/wp-content\/uploads\/2024\/07\/IMG_20240622_143253-1-scaled.jpg","type":"","width":"","height":""}],"author":"A.L. gallego","twitter_card":"summary_large_image","twitter_creator":"@Civikoficial","twitter_site":"@Civikoficial","twitter_misc":{"Escrito por":"A.L. gallego","Tiempo de lectura":"2 minutos"},"schema":{"@context":"https:\/\/schema.org","@graph":[{"@type":"Article","@id":"https:\/\/civik.es\/index.php\/2024\/07\/04\/el-pozo-de-la-ascension-brandon-sanderson\/#article","isPartOf":{"@id":"https:\/\/civik.es\/index.php\/2024\/07\/04\/el-pozo-de-la-ascension-brandon-sanderson\/"},"author":{"name":"A.L. gallego","@id":"https:\/\/civik.es\/#\/schema\/person\/b22ef9dba23952d42910a444454e6e60"},"headline":"El pozo de la ascensi\u00f3n (Brandon Sanderson)","datePublished":"2024-07-04T09:09:36+00:00","dateModified":"2024-07-04T09:09:37+00:00","mainEntityOfPage":{"@id":"https:\/\/civik.es\/index.php\/2024\/07\/04\/el-pozo-de-la-ascension-brandon-sanderson\/"},"wordCount":353,"commentCount":0,"publisher":{"@id":"https:\/\/civik.es\/#\/schema\/person\/b22ef9dba23952d42910a444454e6e60"},"image":{"@id":"https:\/\/civik.es\/index.php\/2024\/07\/04\/el-pozo-de-la-ascension-brandon-sanderson\/#primaryimage"},"thumbnailUrl":"https:\/\/civik.es\/wp-content\/uploads\/2024\/07\/IMG_20240622_143253-1-scaled.jpg","articleSection":["Uncategorized"],"inLanguage":"es","potentialAction":[{"@type":"CommentAction","name":"Comment","target":["https:\/\/civik.es\/index.php\/2024\/07\/04\/el-pozo-de-la-ascension-brandon-sanderson\/#respond"]}]},{"@type":"WebPage","@id":"https:\/\/civik.es\/index.php\/2024\/07\/04\/el-pozo-de-la-ascension-brandon-sanderson\/","url":"https:\/\/civik.es\/index.php\/2024\/07\/04\/el-pozo-de-la-ascension-brandon-sanderson\/","name":"El pozo de la ascensi\u00f3n (Brandon Sanderson) - A.L. Gallego","isPartOf":{"@id":"https:\/\/civik.es\/#website"},"primaryImageOfPage":{"@id":"https:\/\/civik.es\/index.php\/2024\/07\/04\/el-pozo-de-la-ascension-brandon-sanderson\/#primaryimage"},"image":{"@id":"https:\/\/civik.es\/index.php\/2024\/07\/04\/el-pozo-de-la-ascension-brandon-sanderson\/#primaryimage"},"thumbnailUrl":"https:\/\/civik.es\/wp-content\/uploads\/2024\/07\/IMG_20240622_143253-1-scaled.jpg","datePublished":"2024-07-04T09:09:36+00:00","dateModified":"2024-07-04T09:09:37+00:00","breadcrumb":{"@id":"https:\/\/civik.es\/index.php\/2024\/07\/04\/el-pozo-de-la-ascension-brandon-sanderson\/#breadcrumb"},"inLanguage":"es","potentialAction":[{"@type":"ReadAction","target":["https:\/\/civik.es\/index.php\/2024\/07\/04\/el-pozo-de-la-ascension-brandon-sanderson\/"]}]},{"@type":"ImageObject","inLanguage":"es","@id":"https:\/\/civik.es\/index.php\/2024\/07\/04\/el-pozo-de-la-ascension-brandon-sanderson\/#primaryimage","url":"https:\/\/civik.es\/wp-content\/uploads\/2024\/07\/IMG_20240622_143253-1-scaled.jpg","contentUrl":"https:\/\/civik.es\/wp-content\/uploads\/2024\/07\/IMG_20240622_143253-1-scaled.jpg","width":1920,"height":2560},{"@type":"BreadcrumbList","@id":"https:\/\/civik.es\/index.php\/2024\/07\/04\/el-pozo-de-la-ascension-brandon-sanderson\/#breadcrumb","itemListElement":[{"@type":"ListItem","position":1,"name":"Portada","item":"https:\/\/civik.es\/"},{"@type":"ListItem","position":2,"name":"El pozo de la ascensi\u00f3n (Brandon Sanderson)"}]},{"@type":"WebSite","@id":"https:\/\/civik.es\/#website","url":"https:\/\/civik.es\/","name":"A.L. Gallego","description":"&quot;Escritor de fantas\u00eda ligera para adultos que buscan escapar del mundo real.&quot;","publisher":{"@id":"https:\/\/civik.es\/#\/schema\/person\/b22ef9dba23952d42910a444454e6e60"},"alternateName":"Novelas","potentialAction":[{"@type":"SearchAction","target":{"@type":"EntryPoint","urlTemplate":"https:\/\/civik.es\/?s={search_term_string}"},"query-input":{"@type":"PropertyValueSpecification","valueRequired":true,"valueName":"search_term_string"}}],"inLanguage":"es"},{"@type":["Person","Organization"],"@id":"https:\/\/civik.es\/#\/schema\/person\/b22ef9dba23952d42910a444454e6e60","name":"A.L. gallego","image":{"@type":"ImageObject","inLanguage":"es","@id":"https:\/\/civik.es\/wp-content\/uploads\/2024\/03\/cropped-dream_TradingCard32123132.jpg","url":"https:\/\/civik.es\/wp-content\/uploads\/2024\/03\/cropped-dream_TradingCard32123132.jpg","contentUrl":"https:\/\/civik.es\/wp-content\/uploads\/2024\/03\/cropped-dream_TradingCard32123132.jpg","width":512,"height":512,"caption":"A.L. gallego"},"logo":{"@id":"https:\/\/civik.es\/wp-content\/uploads\/2024\/03\/cropped-dream_TradingCard32123132.jpg"},"sameAs":["http:\/\/civik.es","Civikoficial","https:\/\/x.com\/Civikoficial"],"url":"https:\/\/civik.es\/index.php\/author\/admin\/"}]}},"_links":{"self":[{"href":"https:\/\/civik.es\/index.php\/wp-json\/wp\/v2\/posts\/606","targetHints":{"allow":["GET"]}}],"collection":[{"href":"https:\/\/civik.es\/index.php\/wp-json\/wp\/v2\/posts"}],"about":[{"href":"https:\/\/civik.es\/index.php\/wp-json\/wp\/v2\/types\/post"}],"author":[{"embeddable":true,"href":"https:\/\/civik.es\/index.php\/wp-json\/wp\/v2\/users\/1"}],"replies":[{"embeddable":true,"href":"https:\/\/civik.es\/index.php\/wp-json\/wp\/v2\/comments?post=606"}],"version-history":[{"count":1,"href":"https:\/\/civik.es\/index.php\/wp-json\/wp\/v2\/posts\/606\/revisions"}],"predecessor-version":[{"id":609,"href":"https:\/\/civik.es\/index.php\/wp-json\/wp\/v2\/posts\/606\/revisions\/609"}],"wp:attachment":[{"href":"https:\/\/civik.es\/index.php\/wp-json\/wp\/v2\/media?parent=606"}],"wp:term":[{"taxonomy":"category","embeddable":true,"href":"https:\/\/civik.es\/index.php\/wp-json\/wp\/v2\/categories?post=606"},{"taxonomy":"post_tag","embeddable":true,"href":"https:\/\/civik.es\/index.php\/wp-json\/wp\/v2\/tags?post=606"}],"curies":[{"name":"wp","href":"https:\/\/api.w.org\/{rel}","templated":true}]}}